{"id":10268,"date":"2024-03-22T10:05:00","date_gmt":"2024-03-22T10:05:00","guid":{"rendered":"https:\/\/turismosantjoan.es\/sant-joan-celebra-les-festes-de-sant-antoni-2024\/"},"modified":"2024-03-26T12:30:00","modified_gmt":"2024-03-26T12:30:00","slug":"sant-joan-celebra-les-festes-de-sant-antoni-2024","status":"publish","type":"post","link":"https:\/\/turismosantjoan.es\/ca\/sant-joan-celebra-les-festes-de-sant-antoni-2024\/","title":{"rendered":"Sant Joan celebra les Festes de Sant Antoni 2024"},"content":{"rendered":"\t\t<div data-elementor-type=\"wp-post\" data-elementor-id=\"10268\" class=\"elementor elementor-10268 elementor-1\" data-elementor-post-type=\"post\">\n\t\t\t\t\t\t<section class=\"elementor-section elementor-top-section elementor-element elementor-element-1a4f2405 elementor-section-boxed elementor-section-height-default elementor-section-height-default\" data-id=\"1a4f2405\" data-element_type=\"section\" data-e-type=\"section\">\n\t\t\t\t\t\t<div class=\"elementor-container elementor-column-gap-default\">\n\t\t\t\t\t<div class=\"elementor-column elementor-col-100 elementor-top-column elementor-element elementor-element-4aaf9807\" data-id=\"4aaf9807\" data-element_type=\"column\" data-e-type=\"column\">\n\t\t\t<div class=\"elementor-widget-wrap elementor-element-populated\">\n\t\t\t\t\t\t<div class=\"elementor-element elementor-element-3a10db0d elementor-widget elementor-widget-text-editor\" data-id=\"3a10db0d\" data-element_type=\"widget\" data-e-type=\"widget\" data-widget_type=\"text-editor.default\">\n\t\t\t\t<div class=\"elementor-widget-container\">\n\t\t\t\t\t\t\t\t\t<figure class=\"wp-block-image aligncenter size-large is-resized\">&nbsp; &nbsp; &nbsp; &nbsp; &nbsp; &nbsp; &nbsp; &nbsp; &nbsp; &nbsp; &nbsp; &nbsp; &nbsp; &nbsp; &nbsp; &nbsp; &nbsp; &nbsp; &nbsp; &nbsp; &nbsp; &nbsp; &nbsp;&nbsp;<img fetchpriority=\"high\" decoding=\"async\" width=\"1024\" height=\"683\" class=\"wp-image-10214\" style=\"width: 652px; height: auto;\" src=\"https:\/\/turismosantjoan.es\/wp-content\/uploads\/2024\/03\/IMG_0766-1024x683.jpg\" alt=\"\" srcset=\"https:\/\/turismosantjoan.es\/wp-content\/uploads\/2024\/03\/IMG_0766-1024x683.jpg 1024w, https:\/\/turismosantjoan.es\/wp-content\/uploads\/2024\/03\/IMG_0766-300x200.jpg 300w, https:\/\/turismosantjoan.es\/wp-content\/uploads\/2024\/03\/IMG_0766-768x512.jpg 768w, https:\/\/turismosantjoan.es\/wp-content\/uploads\/2024\/03\/IMG_0766-1536x1024.jpg 1536w, https:\/\/turismosantjoan.es\/wp-content\/uploads\/2024\/03\/IMG_0766.jpg 1599w\" sizes=\"(max-width: 1024px) 100vw, 1024px\" \/><\/figure>\n<p>Sant Joan d&#8217;Alacant s&#8217;ha preparat amb entusiasme per a celebrar els Festes de Sant Antoni 2024, un esdeveniment que ha marcat l&#8217;inici del calendari festiu en la localitat. Despr\u00e9s de l&#8217;emotiva benedicci\u00f3 d&#8217;animals a c\u00e0rrec de Sant Antoni del Porquet, arriba el moment de submergir-se en la m\u00fasica, el folklore i la p\u00f3lvora que caracteritzen a estes festivitats amb una programaci\u00f3 variada.<\/p>\n<p>Organitzades per la Colla de Dol\u00e7ainers i Tabaleters Els Amuntegats, amb el suport de l&#8217;Ajuntament de Sant Joan d&#8217;Alacant i la Federaci\u00f3 Valenciana de Dol\u00e7ainers i Tabaleters, els Festes de Sant Antoni han sigut tres dies plens d&#8217;alegria i diversi\u00f3 per a tots els santjoaners i visitants.<\/p>\n<p>El programa d&#8217;activitats, que ha tingut lloc del divendres 26 al diumenge 28 de gener, ha incl\u00f2s una \u00e0mplia varietat d&#8217;esdeveniments que no es podien perdre: el preg\u00f3 a c\u00e0rrec dels Sanguangos ha marcat l&#8217;inici de les festivitats a l&#8217;Esgl\u00e9sia de Sant Joan Baptista, el Festival Porket-On ha pres l&#8217;escenari en la Pla\u00e7a oferint m\u00fasica i entreteniment per a tota la fam\u00edlia, la Carrer Sant Antoni s&#8217;ha il\u00b7luminat amb l&#8217;espectacular Correfoc \u2013 Trobada de Dimonis i per a tancar amb brillantor, el diumenge 28 s&#8217;ha dut a terme la VIII Mostra de Folklore, que ha recorregut la Carrer Sant Antoni, la Pla\u00e7a Maisonnave i el Carrer Major<a>.<\/a><\/p>\n<p>Sant Joan d&#8217;Alacant es va submergir en una explosi\u00f3 d&#8217;alegria i tradici\u00f3 amb l&#8217;emocionant correfoc dels Festes de Sant Antoni 2024, organitzat per els Dimonis Abraxits. El Carrer Sant Antoni es va il\u00b7luminar amb la resplendor del foc i el baluern de la p\u00f3lvora, mentres els dimonis recorrien els carrers amb el seu en\u00e8rgic espectacle.<\/p>\n<p>Este espectacular correfoc va ser una mostra m\u00e9s de l&#8217;arrelament de les tradicions a Sant Joan d&#8217;Alacant i de l&#8217;esperit festiu que caracteritza als seus habitants. Una vegada m\u00e9s, els Festes de Sant Antoni van demostrar ser un esdeveniment \u00fanic i emocionant que unix a tota la comunitat entorn de la celebraci\u00f3 i la diversi\u00f3.<\/p>\n<p>Amb un programa tan variat i emocionant, els Festes de Sant Antoni han sigut una experi\u00e8ncia inoblidable per a tots els que han participat.<\/p>\n<figure class=\"wp-block-gallery has-nested-images columns-default is-cropped\">\n<figure class=\"wp-block-image size-large\"><\/figure>\n<figure class=\"wp-block-image size-large\"><\/figure>\n<figure class=\"wp-block-image size-large\"><\/figure>\n<figure class=\"wp-block-image size-large\"><\/figure>\n<figure class=\"wp-block-image size-large\"><\/figure>\n<\/figure>\t\t\t\t\t\t\t\t<\/div>\n\t\t\t\t<\/div>\n\t\t\t\t<div class=\"elementor-element elementor-element-7316b6f elementor-widget elementor-widget-gallery\" data-id=\"7316b6f\" data-element_type=\"widget\" data-e-type=\"widget\" data-settings=\"{&quot;lazyload&quot;:&quot;yes&quot;,&quot;gallery_layout&quot;:&quot;grid&quot;,&quot;columns&quot;:4,&quot;columns_tablet&quot;:2,&quot;columns_mobile&quot;:1,&quot;gap&quot;:{&quot;unit&quot;:&quot;px&quot;,&quot;size&quot;:10,&quot;sizes&quot;:[]},&quot;gap_tablet&quot;:{&quot;unit&quot;:&quot;px&quot;,&quot;size&quot;:10,&quot;sizes&quot;:[]},&quot;gap_mobile&quot;:{&quot;unit&quot;:&quot;px&quot;,&quot;size&quot;:10,&quot;sizes&quot;:[]},&quot;link_to&quot;:&quot;file&quot;,&quot;aspect_ratio&quot;:&quot;3:2&quot;,&quot;overlay_background&quot;:&quot;yes&quot;,&quot;content_hover_animation&quot;:&quot;fade-in&quot;}\" data-widget_type=\"gallery.default\">\n\t\t\t\t<div class=\"elementor-widget-container\">\n\t\t\t\t\t\t\t<div class=\"elementor-gallery__container\">\n\t\t\t\t\t\t\t<a class=\"e-gallery-item elementor-gallery-item elementor-animated-content\" href=\"https:\/\/turismosantjoan.es\/wp-content\/uploads\/2024\/03\/Sant-Joan-celebra-las-fiestas-de-Sant-Antoni-3.jpg\" data-elementor-open-lightbox=\"yes\" data-elementor-lightbox-slideshow=\"7316b6f\" data-elementor-lightbox-title=\"Sant-Joan-celebra-las-fiestas-de-Sant-Antoni-3\" data-e-action-hash=\"#elementor-action%3Aaction%3Dlightbox%26settings%3DeyJpZCI6MTAyMjcsInVybCI6Imh0dHBzOlwvXC90dXJpc21vc2FudGpvYW4uZXNcL3dwLWNvbnRlbnRcL3VwbG9hZHNcLzIwMjRcLzAzXC9TYW50LUpvYW4tY2VsZWJyYS1sYXMtZmllc3Rhcy1kZS1TYW50LUFudG9uaS0zLmpwZyIsInNsaWRlc2hvdyI6IjczMTZiNmYifQ%3D%3D\">\n\t\t\t\t\t<div class=\"e-gallery-image elementor-gallery-item__image\" data-thumbnail=\"https:\/\/turismosantjoan.es\/wp-content\/uploads\/2024\/03\/Sant-Joan-celebra-las-fiestas-de-Sant-Antoni-3-300x200.jpg\" data-width=\"300\" data-height=\"200\" aria-label=\"\" role=\"img\" ><\/div>\n\t\t\t\t\t\t\t\t\t\t\t<div class=\"elementor-gallery-item__overlay\"><\/div>\n\t\t\t\t\t\t\t\t\t\t\t\t\t\t<\/a>\n\t\t\t\t\t\t\t<a class=\"e-gallery-item elementor-gallery-item elementor-animated-content\" href=\"https:\/\/turismosantjoan.es\/wp-content\/uploads\/2024\/03\/Sant-Joan-celebra-las-fiestas-de-Sant-Antoni-4.jpg\" data-elementor-open-lightbox=\"yes\" data-elementor-lightbox-slideshow=\"7316b6f\" data-elementor-lightbox-title=\"Sant-Joan-celebra-las-fiestas-de-Sant-Antoni-4\" data-e-action-hash=\"#elementor-action%3Aaction%3Dlightbox%26settings%3DeyJpZCI6MTAyMjYsInVybCI6Imh0dHBzOlwvXC90dXJpc21vc2FudGpvYW4uZXNcL3dwLWNvbnRlbnRcL3VwbG9hZHNcLzIwMjRcLzAzXC9TYW50LUpvYW4tY2VsZWJyYS1sYXMtZmllc3Rhcy1kZS1TYW50LUFudG9uaS00LmpwZyIsInNsaWRlc2hvdyI6IjczMTZiNmYifQ%3D%3D\">\n\t\t\t\t\t<div class=\"e-gallery-image elementor-gallery-item__image\" data-thumbnail=\"https:\/\/turismosantjoan.es\/wp-content\/uploads\/2024\/03\/Sant-Joan-celebra-las-fiestas-de-Sant-Antoni-4-300x200.jpg\" data-width=\"300\" data-height=\"200\" aria-label=\"\" role=\"img\" ><\/div>\n\t\t\t\t\t\t\t\t\t\t\t<div class=\"elementor-gallery-item__overlay\"><\/div>\n\t\t\t\t\t\t\t\t\t\t\t\t\t\t<\/a>\n\t\t\t\t\t\t\t<a class=\"e-gallery-item elementor-gallery-item elementor-animated-content\" href=\"https:\/\/turismosantjoan.es\/wp-content\/uploads\/2024\/03\/Sant-Joan-celebra-las-fiestas-de-Sant-Antoni-5.jpg\" data-elementor-open-lightbox=\"yes\" data-elementor-lightbox-slideshow=\"7316b6f\" data-elementor-lightbox-title=\"Sant-Joan-celebra-las-fiestas-de-Sant-Antoni-5\" data-e-action-hash=\"#elementor-action%3Aaction%3Dlightbox%26settings%3DeyJpZCI6MTAyMjEsInVybCI6Imh0dHBzOlwvXC90dXJpc21vc2FudGpvYW4uZXNcL3dwLWNvbnRlbnRcL3VwbG9hZHNcLzIwMjRcLzAzXC9TYW50LUpvYW4tY2VsZWJyYS1sYXMtZmllc3Rhcy1kZS1TYW50LUFudG9uaS01LmpwZyIsInNsaWRlc2hvdyI6IjczMTZiNmYifQ%3D%3D\">\n\t\t\t\t\t<div class=\"e-gallery-image elementor-gallery-item__image\" data-thumbnail=\"https:\/\/turismosantjoan.es\/wp-content\/uploads\/2024\/03\/Sant-Joan-celebra-las-fiestas-de-Sant-Antoni-5-300x200.jpg\" data-width=\"300\" data-height=\"200\" aria-label=\"\" role=\"img\" ><\/div>\n\t\t\t\t\t\t\t\t\t\t\t<div class=\"elementor-gallery-item__overlay\"><\/div>\n\t\t\t\t\t\t\t\t\t\t\t\t\t\t<\/a>\n\t\t\t\t\t\t\t<a class=\"e-gallery-item elementor-gallery-item elementor-animated-content\" href=\"https:\/\/turismosantjoan.es\/wp-content\/uploads\/2024\/03\/Sant-Joan-celebra-las-fiestas-de-Sant-Antoni-2.jpg\" data-elementor-open-lightbox=\"yes\" data-elementor-lightbox-slideshow=\"7316b6f\" data-elementor-lightbox-title=\"Sant-Joan-celebra-las-fiestas-de-Sant-Antoni-2\" data-e-action-hash=\"#elementor-action%3Aaction%3Dlightbox%26settings%3DeyJpZCI6MTAyMjAsInVybCI6Imh0dHBzOlwvXC90dXJpc21vc2FudGpvYW4uZXNcL3dwLWNvbnRlbnRcL3VwbG9hZHNcLzIwMjRcLzAzXC9TYW50LUpvYW4tY2VsZWJyYS1sYXMtZmllc3Rhcy1kZS1TYW50LUFudG9uaS0yLmpwZyIsInNsaWRlc2hvdyI6IjczMTZiNmYifQ%3D%3D\">\n\t\t\t\t\t<div class=\"e-gallery-image elementor-gallery-item__image\" data-thumbnail=\"https:\/\/turismosantjoan.es\/wp-content\/uploads\/2024\/03\/Sant-Joan-celebra-las-fiestas-de-Sant-Antoni-2-300x200.jpg\" data-width=\"300\" data-height=\"200\" aria-label=\"\" role=\"img\" ><\/div>\n\t\t\t\t\t\t\t\t\t\t\t<div class=\"elementor-gallery-item__overlay\"><\/div>\n\t\t\t\t\t\t\t\t\t\t\t\t\t\t<\/a>\n\t\t\t\t\t\t\t<a class=\"e-gallery-item elementor-gallery-item elementor-animated-content\" href=\"https:\/\/turismosantjoan.es\/wp-content\/uploads\/2024\/03\/Sant-Joan-celebra-las-fiestas-de-Sant-Antoni-1.jpg\" data-elementor-open-lightbox=\"yes\" data-elementor-lightbox-slideshow=\"7316b6f\" data-elementor-lightbox-title=\"Sant-Joan-celebra-las-fiestas-de-Sant-Antoni-1\" data-e-action-hash=\"#elementor-action%3Aaction%3Dlightbox%26settings%3DeyJpZCI6MTAyMTcsInVybCI6Imh0dHBzOlwvXC90dXJpc21vc2FudGpvYW4uZXNcL3dwLWNvbnRlbnRcL3VwbG9hZHNcLzIwMjRcLzAzXC9TYW50LUpvYW4tY2VsZWJyYS1sYXMtZmllc3Rhcy1kZS1TYW50LUFudG9uaS0xLmpwZyIsInNsaWRlc2hvdyI6IjczMTZiNmYifQ%3D%3D\">\n\t\t\t\t\t<div class=\"e-gallery-image elementor-gallery-item__image\" data-thumbnail=\"https:\/\/turismosantjoan.es\/wp-content\/uploads\/2024\/03\/Sant-Joan-celebra-las-fiestas-de-Sant-Antoni-1-300x200.jpg\" data-width=\"300\" data-height=\"200\" aria-label=\"\" role=\"img\" ><\/div>\n\t\t\t\t\t\t\t\t\t\t\t<div class=\"elementor-gallery-item__overlay\"><\/div>\n\t\t\t\t\t\t\t\t\t\t\t\t\t\t<\/a>\n\t\t\t\t\t\t\t<a class=\"e-gallery-item elementor-gallery-item elementor-animated-content\" href=\"https:\/\/turismosantjoan.es\/wp-content\/uploads\/2024\/03\/Bendicion-de-los-animales-fiestas-de-Sant-Antoni-5.jpg\" data-elementor-open-lightbox=\"yes\" data-elementor-lightbox-slideshow=\"7316b6f\" data-elementor-lightbox-title=\"Bendici\u00f3n de los animales fiestas de Sant Antoni (5)\" data-e-action-hash=\"#elementor-action%3Aaction%3Dlightbox%26settings%3DeyJpZCI6MTAyMzIsInVybCI6Imh0dHBzOlwvXC90dXJpc21vc2FudGpvYW4uZXNcL3dwLWNvbnRlbnRcL3VwbG9hZHNcLzIwMjRcLzAzXC9CZW5kaWNpb24tZGUtbG9zLWFuaW1hbGVzLWZpZXN0YXMtZGUtU2FudC1BbnRvbmktNS5qcGciLCJzbGlkZXNob3ciOiI3MzE2YjZmIn0%3D\">\n\t\t\t\t\t<div class=\"e-gallery-image elementor-gallery-item__image\" data-thumbnail=\"https:\/\/turismosantjoan.es\/wp-content\/uploads\/2024\/03\/Bendicion-de-los-animales-fiestas-de-Sant-Antoni-5-300x200.jpg\" data-width=\"300\" data-height=\"200\" aria-label=\"\" role=\"img\" ><\/div>\n\t\t\t\t\t\t\t\t\t\t\t<div class=\"elementor-gallery-item__overlay\"><\/div>\n\t\t\t\t\t\t\t\t\t\t\t\t\t\t<\/a>\n\t\t\t\t\t\t\t<a class=\"e-gallery-item elementor-gallery-item elementor-animated-content\" href=\"https:\/\/turismosantjoan.es\/wp-content\/uploads\/2024\/03\/Bendicion-de-los-animales-fiestas-de-Sant-Antoni-6.jpg\" data-elementor-open-lightbox=\"yes\" data-elementor-lightbox-slideshow=\"7316b6f\" data-elementor-lightbox-title=\"Bendici\u00f3n de los animales fiestas de Sant Antoni (6)\" data-e-action-hash=\"#elementor-action%3Aaction%3Dlightbox%26settings%3DeyJpZCI6MTAyMzUsInVybCI6Imh0dHBzOlwvXC90dXJpc21vc2FudGpvYW4uZXNcL3dwLWNvbnRlbnRcL3VwbG9hZHNcLzIwMjRcLzAzXC9CZW5kaWNpb24tZGUtbG9zLWFuaW1hbGVzLWZpZXN0YXMtZGUtU2FudC1BbnRvbmktNi5qcGciLCJzbGlkZXNob3ciOiI3MzE2YjZmIn0%3D\">\n\t\t\t\t\t<div class=\"e-gallery-image elementor-gallery-item__image\" data-thumbnail=\"https:\/\/turismosantjoan.es\/wp-content\/uploads\/2024\/03\/Bendicion-de-los-animales-fiestas-de-Sant-Antoni-6-300x200.jpg\" data-width=\"300\" data-height=\"200\" aria-label=\"\" role=\"img\" ><\/div>\n\t\t\t\t\t\t\t\t\t\t\t<div class=\"elementor-gallery-item__overlay\"><\/div>\n\t\t\t\t\t\t\t\t\t\t\t\t\t\t<\/a>\n\t\t\t\t\t\t\t<a class=\"e-gallery-item elementor-gallery-item elementor-animated-content\" href=\"https:\/\/turismosantjoan.es\/wp-content\/uploads\/2024\/03\/Bendicion-de-los-animales-fiestas-de-Sant-Antoni-7.jpg\" data-elementor-open-lightbox=\"yes\" data-elementor-lightbox-slideshow=\"7316b6f\" data-elementor-lightbox-title=\"Bendici\u00f3n de los animales fiestas de Sant Antoni (7)\" data-e-action-hash=\"#elementor-action%3Aaction%3Dlightbox%26settings%3DeyJpZCI6MTAyMzgsInVybCI6Imh0dHBzOlwvXC90dXJpc21vc2FudGpvYW4uZXNcL3dwLWNvbnRlbnRcL3VwbG9hZHNcLzIwMjRcLzAzXC9CZW5kaWNpb24tZGUtbG9zLWFuaW1hbGVzLWZpZXN0YXMtZGUtU2FudC1BbnRvbmktNy5qcGciLCJzbGlkZXNob3ciOiI3MzE2YjZmIn0%3D\">\n\t\t\t\t\t<div class=\"e-gallery-image elementor-gallery-item__image\" data-thumbnail=\"https:\/\/turismosantjoan.es\/wp-content\/uploads\/2024\/03\/Bendicion-de-los-animales-fiestas-de-Sant-Antoni-7-300x200.jpg\" data-width=\"300\" data-height=\"200\" aria-label=\"\" role=\"img\" ><\/div>\n\t\t\t\t\t\t\t\t\t\t\t<div class=\"elementor-gallery-item__overlay\"><\/div>\n\t\t\t\t\t\t\t\t\t\t\t\t\t\t<\/a>\n\t\t\t\t\t\t\t<a class=\"e-gallery-item elementor-gallery-item elementor-animated-content\" href=\"https:\/\/turismosantjoan.es\/wp-content\/uploads\/2024\/03\/Bendicion-de-los-animales-fiestas-de-Sant-Antoni-8.jpg\" data-elementor-open-lightbox=\"yes\" data-elementor-lightbox-slideshow=\"7316b6f\" data-elementor-lightbox-title=\"Bendici\u00f3n de los animales fiestas de Sant Antoni (8)\" data-e-action-hash=\"#elementor-action%3Aaction%3Dlightbox%26settings%3DeyJpZCI6MTAyNDEsInVybCI6Imh0dHBzOlwvXC90dXJpc21vc2FudGpvYW4uZXNcL3dwLWNvbnRlbnRcL3VwbG9hZHNcLzIwMjRcLzAzXC9CZW5kaWNpb24tZGUtbG9zLWFuaW1hbGVzLWZpZXN0YXMtZGUtU2FudC1BbnRvbmktOC5qcGciLCJzbGlkZXNob3ciOiI3MzE2YjZmIn0%3D\">\n\t\t\t\t\t<div class=\"e-gallery-image elementor-gallery-item__image\" data-thumbnail=\"https:\/\/turismosantjoan.es\/wp-content\/uploads\/2024\/03\/Bendicion-de-los-animales-fiestas-de-Sant-Antoni-8-300x200.jpg\" data-width=\"300\" data-height=\"200\" aria-label=\"\" role=\"img\" ><\/div>\n\t\t\t\t\t\t\t\t\t\t\t<div class=\"elementor-gallery-item__overlay\"><\/div>\n\t\t\t\t\t\t\t\t\t\t\t\t\t\t<\/a>\n\t\t\t\t\t\t\t<a class=\"e-gallery-item elementor-gallery-item elementor-animated-content\" href=\"https:\/\/turismosantjoan.es\/wp-content\/uploads\/2024\/03\/Bendicion-de-los-animales-fiestas-de-Sant-Antoni-9.jpg\" data-elementor-open-lightbox=\"yes\" data-elementor-lightbox-slideshow=\"7316b6f\" data-elementor-lightbox-title=\"Bendici\u00f3n de los animales fiestas de Sant Antoni (9)\" data-e-action-hash=\"#elementor-action%3Aaction%3Dlightbox%26settings%3DeyJpZCI6MTAyNDQsInVybCI6Imh0dHBzOlwvXC90dXJpc21vc2FudGpvYW4uZXNcL3dwLWNvbnRlbnRcL3VwbG9hZHNcLzIwMjRcLzAzXC9CZW5kaWNpb24tZGUtbG9zLWFuaW1hbGVzLWZpZXN0YXMtZGUtU2FudC1BbnRvbmktOS5qcGciLCJzbGlkZXNob3ciOiI3MzE2YjZmIn0%3D\">\n\t\t\t\t\t<div class=\"e-gallery-image elementor-gallery-item__image\" data-thumbnail=\"https:\/\/turismosantjoan.es\/wp-content\/uploads\/2024\/03\/Bendicion-de-los-animales-fiestas-de-Sant-Antoni-9-300x200.jpg\" data-width=\"300\" data-height=\"200\" aria-label=\"\" role=\"img\" ><\/div>\n\t\t\t\t\t\t\t\t\t\t\t<div class=\"elementor-gallery-item__overlay\"><\/div>\n\t\t\t\t\t\t\t\t\t\t\t\t\t\t<\/a>\n\t\t\t\t\t\t\t<a class=\"e-gallery-item elementor-gallery-item elementor-animated-content\" href=\"https:\/\/turismosantjoan.es\/wp-content\/uploads\/2024\/03\/Fotos-del-Folklore-de-Sant-Antoni-1.jpg\" data-elementor-open-lightbox=\"yes\" data-elementor-lightbox-slideshow=\"7316b6f\" data-elementor-lightbox-title=\"Fotos del Folklore de Sant Antoni (1)\" data-e-action-hash=\"#elementor-action%3Aaction%3Dlightbox%26settings%3DeyJpZCI6MTAyNDcsInVybCI6Imh0dHBzOlwvXC90dXJpc21vc2FudGpvYW4uZXNcL3dwLWNvbnRlbnRcL3VwbG9hZHNcLzIwMjRcLzAzXC9Gb3Rvcy1kZWwtRm9sa2xvcmUtZGUtU2FudC1BbnRvbmktMS5qcGciLCJzbGlkZXNob3ciOiI3MzE2YjZmIn0%3D\">\n\t\t\t\t\t<div class=\"e-gallery-image elementor-gallery-item__image\" data-thumbnail=\"https:\/\/turismosantjoan.es\/wp-content\/uploads\/2024\/03\/Fotos-del-Folklore-de-Sant-Antoni-1-300x200.jpg\" data-width=\"300\" data-height=\"200\" aria-label=\"\" role=\"img\" ><\/div>\n\t\t\t\t\t\t\t\t\t\t\t<div class=\"elementor-gallery-item__overlay\"><\/div>\n\t\t\t\t\t\t\t\t\t\t\t\t\t\t<\/a>\n\t\t\t\t\t\t\t<a class=\"e-gallery-item elementor-gallery-item elementor-animated-content\" href=\"https:\/\/turismosantjoan.es\/wp-content\/uploads\/2024\/03\/Fotos-del-Folklore-de-Sant-Antoni-2.jpg\" data-elementor-open-lightbox=\"yes\" data-elementor-lightbox-slideshow=\"7316b6f\" data-elementor-lightbox-title=\"Fotos del Folklore de Sant Antoni (2)\" data-e-action-hash=\"#elementor-action%3Aaction%3Dlightbox%26settings%3DeyJpZCI6MTAyNTAsInVybCI6Imh0dHBzOlwvXC90dXJpc21vc2FudGpvYW4uZXNcL3dwLWNvbnRlbnRcL3VwbG9hZHNcLzIwMjRcLzAzXC9Gb3Rvcy1kZWwtRm9sa2xvcmUtZGUtU2FudC1BbnRvbmktMi5qcGciLCJzbGlkZXNob3ciOiI3MzE2YjZmIn0%3D\">\n\t\t\t\t\t<div class=\"e-gallery-image elementor-gallery-item__image\" data-thumbnail=\"https:\/\/turismosantjoan.es\/wp-content\/uploads\/2024\/03\/Fotos-del-Folklore-de-Sant-Antoni-2-300x200.jpg\" data-width=\"300\" data-height=\"200\" aria-label=\"\" role=\"img\" ><\/div>\n\t\t\t\t\t\t\t\t\t\t\t<div class=\"elementor-gallery-item__overlay\"><\/div>\n\t\t\t\t\t\t\t\t\t\t\t\t\t\t<\/a>\n\t\t\t\t\t\t\t<a class=\"e-gallery-item elementor-gallery-item elementor-animated-content\" href=\"https:\/\/turismosantjoan.es\/wp-content\/uploads\/2024\/03\/Fotos-del-Folklore-de-Sant-Antoni-3.jpg\" data-elementor-open-lightbox=\"yes\" data-elementor-lightbox-slideshow=\"7316b6f\" data-elementor-lightbox-title=\"Fotos del Folklore de Sant Antoni (3)\" data-e-action-hash=\"#elementor-action%3Aaction%3Dlightbox%26settings%3DeyJpZCI6MTAyNTMsInVybCI6Imh0dHBzOlwvXC90dXJpc21vc2FudGpvYW4uZXNcL3dwLWNvbnRlbnRcL3VwbG9hZHNcLzIwMjRcLzAzXC9Gb3Rvcy1kZWwtRm9sa2xvcmUtZGUtU2FudC1BbnRvbmktMy5qcGciLCJzbGlkZXNob3ciOiI3MzE2YjZmIn0%3D\">\n\t\t\t\t\t<div class=\"e-gallery-image elementor-gallery-item__image\" data-thumbnail=\"https:\/\/turismosantjoan.es\/wp-content\/uploads\/2024\/03\/Fotos-del-Folklore-de-Sant-Antoni-3-300x200.jpg\" data-width=\"300\" data-height=\"200\" aria-label=\"\" role=\"img\" ><\/div>\n\t\t\t\t\t\t\t\t\t\t\t<div class=\"elementor-gallery-item__overlay\"><\/div>\n\t\t\t\t\t\t\t\t\t\t\t\t\t\t<\/a>\n\t\t\t\t\t\t\t<a class=\"e-gallery-item elementor-gallery-item elementor-animated-content\" href=\"https:\/\/turismosantjoan.es\/wp-content\/uploads\/2024\/03\/Fotos-del-Folklore-de-Sant-Antoni-4.jpg\" data-elementor-open-lightbox=\"yes\" data-elementor-lightbox-slideshow=\"7316b6f\" data-elementor-lightbox-title=\"Fotos del Folklore de Sant Antoni (4)\" data-e-action-hash=\"#elementor-action%3Aaction%3Dlightbox%26settings%3DeyJpZCI6MTAyNTYsInVybCI6Imh0dHBzOlwvXC90dXJpc21vc2FudGpvYW4uZXNcL3dwLWNvbnRlbnRcL3VwbG9hZHNcLzIwMjRcLzAzXC9Gb3Rvcy1kZWwtRm9sa2xvcmUtZGUtU2FudC1BbnRvbmktNC5qcGciLCJzbGlkZXNob3ciOiI3MzE2YjZmIn0%3D\">\n\t\t\t\t\t<div class=\"e-gallery-image elementor-gallery-item__image\" data-thumbnail=\"https:\/\/turismosantjoan.es\/wp-content\/uploads\/2024\/03\/Fotos-del-Folklore-de-Sant-Antoni-4-300x200.jpg\" data-width=\"300\" data-height=\"200\" aria-label=\"\" role=\"img\" ><\/div>\n\t\t\t\t\t\t\t\t\t\t\t<div class=\"elementor-gallery-item__overlay\"><\/div>\n\t\t\t\t\t\t\t\t\t\t\t\t\t\t<\/a>\n\t\t\t\t\t\t\t<a class=\"e-gallery-item elementor-gallery-item elementor-animated-content\" href=\"https:\/\/turismosantjoan.es\/wp-content\/uploads\/2024\/03\/Fotos-del-Folklore-de-Sant-Antoni-5.jpg\" data-elementor-open-lightbox=\"yes\" data-elementor-lightbox-slideshow=\"7316b6f\" data-elementor-lightbox-title=\"Fotos del Folklore de Sant Antoni (5)\" data-e-action-hash=\"#elementor-action%3Aaction%3Dlightbox%26settings%3DeyJpZCI6MTAyNTksInVybCI6Imh0dHBzOlwvXC90dXJpc21vc2FudGpvYW4uZXNcL3dwLWNvbnRlbnRcL3VwbG9hZHNcLzIwMjRcLzAzXC9Gb3Rvcy1kZWwtRm9sa2xvcmUtZGUtU2FudC1BbnRvbmktNS5qcGciLCJzbGlkZXNob3ciOiI3MzE2YjZmIn0%3D\">\n\t\t\t\t\t<div class=\"e-gallery-image elementor-gallery-item__image\" data-thumbnail=\"https:\/\/turismosantjoan.es\/wp-content\/uploads\/2024\/03\/Fotos-del-Folklore-de-Sant-Antoni-5-200x300.jpg\" data-width=\"200\" data-height=\"300\" aria-label=\"\" role=\"img\" ><\/div>\n\t\t\t\t\t\t\t\t\t\t\t<div class=\"elementor-gallery-item__overlay\"><\/div>\n\t\t\t\t\t\t\t\t\t\t\t\t\t\t<\/a>\n\t\t\t\t\t\t\t<a class=\"e-gallery-item elementor-gallery-item elementor-animated-content\" href=\"https:\/\/turismosantjoan.es\/wp-content\/uploads\/2024\/03\/Fotos-del-Folklore-de-Sant-Antoni-6.jpg\" data-elementor-open-lightbox=\"yes\" data-elementor-lightbox-slideshow=\"7316b6f\" data-elementor-lightbox-title=\"Fotos del Folklore de Sant Antoni (6)\" data-e-action-hash=\"#elementor-action%3Aaction%3Dlightbox%26settings%3DeyJpZCI6MTAyNjIsInVybCI6Imh0dHBzOlwvXC90dXJpc21vc2FudGpvYW4uZXNcL3dwLWNvbnRlbnRcL3VwbG9hZHNcLzIwMjRcLzAzXC9Gb3Rvcy1kZWwtRm9sa2xvcmUtZGUtU2FudC1BbnRvbmktNi5qcGciLCJzbGlkZXNob3ciOiI3MzE2YjZmIn0%3D\">\n\t\t\t\t\t<div class=\"e-gallery-image elementor-gallery-item__image\" data-thumbnail=\"https:\/\/turismosantjoan.es\/wp-content\/uploads\/2024\/03\/Fotos-del-Folklore-de-Sant-Antoni-6-300x200.jpg\" data-width=\"300\" data-height=\"200\" aria-label=\"\" role=\"img\" ><\/div>\n\t\t\t\t\t\t\t\t\t\t\t<div class=\"elementor-gallery-item__overlay\"><\/div>\n\t\t\t\t\t\t\t\t\t\t\t\t\t\t<\/a>\n\t\t\t\t\t\t\t<a class=\"e-gallery-item elementor-gallery-item elementor-animated-content\" href=\"https:\/\/turismosantjoan.es\/wp-content\/uploads\/2024\/03\/Fotos-del-Folklore-de-Sant-Antoni-7.jpg\" data-elementor-open-lightbox=\"yes\" data-elementor-lightbox-slideshow=\"7316b6f\" data-elementor-lightbox-title=\"Fotos del Folklore de Sant Antoni (7)\" data-e-action-hash=\"#elementor-action%3Aaction%3Dlightbox%26settings%3DeyJpZCI6MTAyNjUsInVybCI6Imh0dHBzOlwvXC90dXJpc21vc2FudGpvYW4uZXNcL3dwLWNvbnRlbnRcL3VwbG9hZHNcLzIwMjRcLzAzXC9Gb3Rvcy1kZWwtRm9sa2xvcmUtZGUtU2FudC1BbnRvbmktNy5qcGciLCJzbGlkZXNob3ciOiI3MzE2YjZmIn0%3D\">\n\t\t\t\t\t<div class=\"e-gallery-image elementor-gallery-item__image\" data-thumbnail=\"https:\/\/turismosantjoan.es\/wp-content\/uploads\/2024\/03\/Fotos-del-Folklore-de-Sant-Antoni-7-300x200.jpg\" data-width=\"300\" data-height=\"200\" aria-label=\"\" role=\"img\" ><\/div>\n\t\t\t\t\t\t\t\t\t\t\t<div class=\"elementor-gallery-item__overlay\"><\/div>\n\t\t\t\t\t\t\t\t\t\t\t\t\t\t<\/a>\n\t\t\t\t\t<\/div>\n\t\t\t\t\t<\/div>\n\t\t\t\t<\/div>\n\t\t\t\t\t<\/div>\n\t\t<\/div>\n\t\t\t\t\t<\/div>\n\t\t<\/section>\n\t\t\t\t<\/div>\n\t\t","protected":false},"excerpt":{"rendered":"<p>&nbsp; &nbsp; &nbsp; &nbsp; &nbsp; &nbsp; &nbsp; &nbsp; &nbsp; &nbsp; &nbsp; &nbsp; &nbsp; &nbsp; &nbsp; &nbsp; &nbsp; &nbsp; &nbsp; &nbsp; &nbsp; &nbsp; &nbsp;&nbsp; Sant Joan d&#8217;Alacant s&#8217;ha preparat amb entusiasme per a celebrar els Festes de Sant Antoni 2024, un esdeveniment que ha marcat l&#8217;inici del calendari festiu en la localitat. Despr\u00e9s de l&#8217;emotiva benedicci\u00f3 [&hellip;]<\/p>\n","protected":false},"author":1,"featured_media":10212,"comment_status":"closed","ping_status":"closed","sticky":false,"template":"","format":"standard","meta":{"footnotes":""},"categories":[168],"tags":[],"class_list":["post-10268","post","type-post","status-publish","format-standard","has-post-thumbnail","hentry","category-turisme"],"_links":{"self":[{"href":"https:\/\/turismosantjoan.es\/ca\/wp-json\/wp\/v2\/posts\/10268","targetHints":{"allow":["GET"]}}],"collection":[{"href":"https:\/\/turismosantjoan.es\/ca\/wp-json\/wp\/v2\/posts"}],"about":[{"href":"https:\/\/turismosantjoan.es\/ca\/wp-json\/wp\/v2\/types\/post"}],"author":[{"embeddable":true,"href":"https:\/\/turismosantjoan.es\/ca\/wp-json\/wp\/v2\/users\/1"}],"replies":[{"embeddable":true,"href":"https:\/\/turismosantjoan.es\/ca\/wp-json\/wp\/v2\/comments?post=10268"}],"version-history":[{"count":0,"href":"https:\/\/turismosantjoan.es\/ca\/wp-json\/wp\/v2\/posts\/10268\/revisions"}],"wp:featuredmedia":[{"embeddable":true,"href":"https:\/\/turismosantjoan.es\/ca\/wp-json\/wp\/v2\/media\/10212"}],"wp:attachment":[{"href":"https:\/\/turismosantjoan.es\/ca\/wp-json\/wp\/v2\/media?parent=10268"}],"wp:term":[{"taxonomy":"category","embeddable":true,"href":"https:\/\/turismosantjoan.es\/ca\/wp-json\/wp\/v2\/categories?post=10268"},{"taxonomy":"post_tag","embeddable":true,"href":"https:\/\/turismosantjoan.es\/ca\/wp-json\/wp\/v2\/tags?post=10268"}],"curies":[{"name":"wp","href":"https:\/\/api.w.org\/{rel}","templated":true}]}}